{"id":509,"date":"2024-08-02T17:18:59","date_gmt":"2024-08-02T20:18:59","guid":{"rendered":"https:\/\/frotacerta.com.br\/blog\/?p=509"},"modified":"2024-08-02T17:19:02","modified_gmt":"2024-08-02T20:19:02","slug":"esg-na-gestao-de-frotas","status":"publish","type":"post","link":"https:\/\/frotacerta.com.br\/blog\/esg-na-gestao-de-frotas\/","title":{"rendered":"ESG na Gest\u00e3o de Frotas: O que \u00e9 e sua import\u00e2ncia"},"content":{"rendered":"\n<p>Nos \u00faltimos anos, a preocupa\u00e7\u00e3o com os rastros deixados pela atividade humana no meio ambiente tem levantado discuss\u00f5es a respeito do que pode ou n\u00e3o ser mantido. E em se tratando de transporte terrestre, a queima de combust\u00edveis tende a ser uma inimiga do desenvolvimento sustent\u00e1vel.<\/p>\n\n\n\n<p>Com isso, cada vez mais gestores e empres\u00e1rios t\u00eam buscado compreender as pr\u00e1ticas ESG como forma de adequar suas frotas a essa nova realidade empresarial.<\/p>\n\n\n\n<div id=\"ez-toc-container\" class=\"ez-toc-v2_0_53 counter-hierarchy ez-toc-counter ez-toc-grey ez-toc-container-direction\">\n<div class=\"ez-toc-title-container\">\n<p class=\"ez-toc-title \" >Conte&uacute;do<\/p>\n<span class=\"ez-toc-title-toggle\"><a href=\"#\" class=\"ez-toc-pull-right ez-toc-btn ez-toc-btn-xs ez-toc-btn-default ez-toc-toggle\" aria-label=\"Toggle Table of Content\" role=\"button\"><label for=\"item-69f33d3ebee21\" ><span class=\"\"><span style=\"display:none;\">Toggle<\/span><span class=\"ez-toc-icon-toggle-span\"><svg style=\"fill: #999;color:#999\" xmlns=\"http:\/\/www.w3.org\/2000\/svg\" class=\"list-377408\" width=\"20px\" height=\"20px\" viewBox=\"0 0 24 24\" fill=\"none\"><path d=\"M6 6H4v2h2V6zm14 0H8v2h12V6zM4 11h2v2H4v-2zm16 0H8v2h12v-2zM4 16h2v2H4v-2zm16 0H8v2h12v-2z\" fill=\"currentColor\"><\/path><\/svg><svg style=\"fill: #999;color:#999\" class=\"arrow-unsorted-368013\" xmlns=\"http:\/\/www.w3.org\/2000\/svg\" width=\"10px\" height=\"10px\" viewBox=\"0 0 24 24\" version=\"1.2\" baseProfile=\"tiny\"><path d=\"M18.2 9.3l-6.2-6.3-6.2 6.3c-.2.2-.3.4-.3.7s.1.5.3.7c.2.2.4.3.7.3h11c.3 0 .5-.1.7-.3.2-.2.3-.5.3-.7s-.1-.5-.3-.7zM5.8 14.7l6.2 6.3 6.2-6.3c.2-.2.3-.5.3-.7s-.1-.5-.3-.7c-.2-.2-.4-.3-.7-.3h-11c-.3 0-.5.1-.7.3-.2.2-.3.5-.3.7s.1.5.3.7z\"\/><\/svg><\/span><\/span><\/label><input aria-label=\"Toggle\" aria-label=\"item-69f33d3ebee21\"  type=\"checkbox\" id=\"item-69f33d3ebee21\"><\/a><\/span><\/div>\n<nav><ul class='ez-toc-list ez-toc-list-level-1 ' ><li class='ez-toc-page-1 ez-toc-heading-level-2'><a class=\"ez-toc-link ez-toc-heading-1\" href=\"https:\/\/frotacerta.com.br\/blog\/esg-na-gestao-de-frotas\/#O_que_e_ESG\" title=\"O que \u00e9 ESG?\">O que \u00e9 ESG?<\/a><\/li><li class='ez-toc-page-1 ez-toc-heading-level-2'><a class=\"ez-toc-link ez-toc-heading-2\" href=\"https:\/\/frotacerta.com.br\/blog\/esg-na-gestao-de-frotas\/#Qual_a_importancia_das_estrategias_ESG_para_gestao_de_frotas\" title=\"Qual a import\u00e2ncia das estrat\u00e9gias ESG para gest\u00e3o de frotas?\">Qual a import\u00e2ncia das estrat\u00e9gias ESG para gest\u00e3o de frotas?<\/a><ul class='ez-toc-list-level-3'><li class='ez-toc-heading-level-3'><a class=\"ez-toc-link ez-toc-heading-3\" href=\"https:\/\/frotacerta.com.br\/blog\/esg-na-gestao-de-frotas\/#Uso_eficiente_de_combustiveis\" title=\"Uso eficiente de combust\u00edveis\">Uso eficiente de combust\u00edveis<\/a><\/li><li class='ez-toc-page-1 ez-toc-heading-level-3'><a class=\"ez-toc-link ez-toc-heading-4\" href=\"https:\/\/frotacerta.com.br\/blog\/esg-na-gestao-de-frotas\/#Reputacao_empresarial\" title=\"Reputa\u00e7\u00e3o empresarial\">Reputa\u00e7\u00e3o empresarial<\/a><\/li><li class='ez-toc-page-1 ez-toc-heading-level-3'><a class=\"ez-toc-link ez-toc-heading-5\" href=\"https:\/\/frotacerta.com.br\/blog\/esg-na-gestao-de-frotas\/#Inovacao_tecnologica\" title=\"Inova\u00e7\u00e3o tecnol\u00f3gica\">Inova\u00e7\u00e3o tecnol\u00f3gica<\/a><\/li><li class='ez-toc-page-1 ez-toc-heading-level-3'><a class=\"ez-toc-link ez-toc-heading-6\" href=\"https:\/\/frotacerta.com.br\/blog\/esg-na-gestao-de-frotas\/#Retencao_de_talentos\" title=\"Reten\u00e7\u00e3o de talentos\">Reten\u00e7\u00e3o de talentos<\/a><\/li><\/ul><\/li><li class='ez-toc-page-1 ez-toc-heading-level-2'><a class=\"ez-toc-link ez-toc-heading-7\" href=\"https:\/\/frotacerta.com.br\/blog\/esg-na-gestao-de-frotas\/#Como_dar_o_primeiro_passo_em_direcao_a_uma_frota_sustentavel\" title=\"Como dar o primeiro passo em dire\u00e7\u00e3o a uma frota sustent\u00e1vel?\">Como dar o primeiro passo em dire\u00e7\u00e3o a uma frota sustent\u00e1vel?<\/a><\/li><li class='ez-toc-page-1 ez-toc-heading-level-2'><a class=\"ez-toc-link ez-toc-heading-8\" href=\"https:\/\/frotacerta.com.br\/blog\/esg-na-gestao-de-frotas\/#Conclusao\" title=\"Conclus\u00e3o\">Conclus\u00e3o<\/a><\/li><\/ul><\/nav><\/div>\n<h2 class=\"wp-block-heading\"><span class=\"ez-toc-section\" id=\"O_que_e_ESG\"><\/span>O que \u00e9 ESG?<span class=\"ez-toc-section-end\"><\/span><\/h2>\n\n\n\n<p>A sigla ESG faz refer\u00eancia a <em>Environmental<\/em>, <em>Social<\/em> and <em>Governance<\/em>, em portugu\u00eas, Ambiental, Social e Governan\u00e7a. Esse conceito traz \u00e0s organiza\u00e7\u00f5es a responsabilidade de seguir determinados padr\u00f5es que a tornem:<\/p>\n\n\n\n<ul class=\"wp-block-list\">\n<li>Ambientalmente respons\u00e1vel e n\u00e3o prejudicial ao meio ambiente atrav\u00e9s de eletrifica\u00e7\u00e3o das frotas;<\/li>\n\n\n\n<li>Socialmente atuante, combatendo a discrimina\u00e7\u00e3o e promovendo a\u00e7\u00f5es positivas na comunidade em que est\u00e1 inserida;<\/li>\n\n\n\n<li>Governan\u00e7a atrav\u00e9s de gest\u00e3o respons\u00e1vel e aprimorada.<\/li>\n<\/ul>\n\n\n\n<p>Esses s\u00e3o apenas alguns exemplos de pr\u00e1ticas que transformam a rotina operacional de organiza\u00e7\u00f5es que desejam sobreviver a longo prazo no meio empresarial.<\/p>\n\n\n\n<h2 class=\"wp-block-heading\"><span class=\"ez-toc-section\" id=\"Qual_a_importancia_das_estrategias_ESG_para_gestao_de_frotas\"><\/span>Qual a import\u00e2ncia das estrat\u00e9gias ESG para gest\u00e3o de frotas?<span class=\"ez-toc-section-end\"><\/span><\/h2>\n\n\n\n<h3 class=\"wp-block-heading\"><span class=\"ez-toc-section\" id=\"Uso_eficiente_de_combustiveis\"><\/span>Uso eficiente de combust\u00edveis<span class=\"ez-toc-section-end\"><\/span><\/h3>\n\n\n\n<p>A troca do diesel e da gasolina por biocombust\u00edveis ou biometano s\u00e3o alternativas que fazem parte das pr\u00e1ticas ambientalmente sustent\u00e1veis de ESG. Ao utilizar combust\u00edveis menos poluentes, ou partindo de uma vez para os carros el\u00e9tricos, a respons\u00e1vel pela frota a torna mais sustent\u00e1vel e menos prejudicial ao meio ambiente.<\/p>\n\n\n\n<p>Com isso, a frota se torna exemplo de sustentabilidade e a empresa uma refer\u00eancia em transporte consciente com reduzido impacto ambiental.<\/p>\n\n\n\n<h3 class=\"wp-block-heading\"><span class=\"ez-toc-section\" id=\"Reputacao_empresarial\"><\/span>Reputa\u00e7\u00e3o empresarial<span class=\"ez-toc-section-end\"><\/span><\/h3>\n\n\n\n<p>Pesquisas j\u00e1 demonstram que cerca de <a href=\"https:\/\/veja.abril.com.br\/agenda-verde\/consumidor-esta-mais-preocupado-com-sustentabilidade-mostra-estudo-da-ibm\/\" rel=\"nofollow noopener\" target=\"_blank\">84% dos consumidores indicam a sustentabilidade ambiental como um fator importante<\/a> na escolha da marca da qual pretendem consumir. O p\u00fablico tamb\u00e9m est\u00e1 disposto a pagar mais por produtos sustent\u00e1veis.<\/p>\n\n\n\n<p>Esses s\u00e3o n\u00fameros que tendem a crescer, e que demonstram a necessidade de as empresas se manterem atualizadas para continuarem a ser igualmente atraentes aos olhos do consumidor.<\/p>\n\n\n\n<p>Com frotas mais modernas e ecol\u00f3gicas, mais investimentos tamb\u00e9m tendem a surgir.<\/p>\n\n\n\n<h3 class=\"wp-block-heading\"><span class=\"ez-toc-section\" id=\"Inovacao_tecnologica\"><\/span>Inova\u00e7\u00e3o tecnol\u00f3gica<span class=\"ez-toc-section-end\"><\/span><\/h3>\n\n\n\n<p>A tecnologia trabalha a favor do gestor de frotas que deseja aplicar as pr\u00e1ticas ESG em seu dia a dia. Essa evolu\u00e7\u00e3o se manifesta atrav\u00e9s do uso de softwares de gest\u00e3o de frotas, que reduzem o uso de papel e que auxiliam no controle de:<\/p>\n\n\n\n<ul class=\"wp-block-list\">\n<li>Combust\u00edvel (bombas, abastecimentos, volume de combust\u00edvel utilizado, etc)<\/li>\n\n\n\n<li>Pneus (recapagens, localiza\u00e7\u00e3o no almoxarifado, vida \u00fatil, entre outros)<\/li>\n\n\n\n<li>Documentos (IPVA, seguros, CNH dos motoristas, multas)<\/li>\n\n\n\n<li>Manuten\u00e7\u00f5es<\/li>\n<\/ul>\n\n\n\n<h3 class=\"wp-block-heading\"><span class=\"ez-toc-section\" id=\"Retencao_de_talentos\"><\/span>Reten\u00e7\u00e3o de talentos<span class=\"ez-toc-section-end\"><\/span><\/h3>\n\n\n\n<p>Para maior reten\u00e7\u00e3o de talentos, as pr\u00e1ticas ESG estimulam o estabelecimento de um ambiente de trabalho saud\u00e1vel e acolhedor, que estimule a diversidade e o respeito dos direitos humanos.<\/p>\n\n\n\n<p>O colaborador satisfeito com o ambiente de trabalho apresenta maior produtividade. E, para isso, sal\u00e1rio justo e cumprimento dos direitos trabalhistas tamb\u00e9m s\u00e3o fundamentais.<\/p>\n\n\n\n<h2 class=\"wp-block-heading\"><span class=\"ez-toc-section\" id=\"Como_dar_o_primeiro_passo_em_direcao_a_uma_frota_sustentavel\"><\/span>Como dar o primeiro passo em dire\u00e7\u00e3o a uma frota sustent\u00e1vel?<span class=\"ez-toc-section-end\"><\/span><\/h2>\n\n\n\n<p>Em alguns casos, a troca completa da frota \u00e9 invi\u00e1vel, mas \u00e9 poss\u00edvel come\u00e7ar aos poucos com a:<\/p>\n\n\n\n<ul class=\"wp-block-list\">\n<li>Reciclagem de ve\u00edculos administrativos;<\/li>\n\n\n\n<li>Elimina\u00e7\u00e3o do uso de pap\u00e9is na gest\u00e3o atrav\u00e9s de softwares de gest\u00e3o de frotas;<\/li>\n\n\n\n<li>Uso de biocombust\u00edveis.<\/li>\n<\/ul>\n\n\n\n<p>Essas s\u00e3o mudan\u00e7as que tomam tempo e exigem planejamento.<\/p>\n\n\n\n<h2 class=\"wp-block-heading\"><span class=\"ez-toc-section\" id=\"Conclusao\"><\/span>Conclus\u00e3o<span class=\"ez-toc-section-end\"><\/span><\/h2>\n\n\n\n<p>Em resumo, a ado\u00e7\u00e3o de pr\u00e1ticas ESG na gest\u00e3o de frotas \u00e9 essencial para garantir a sustentabilidade e efici\u00eancia operacional das empresas. Ao considerar os aspectos ambientais, sociais e de governan\u00e7a em suas opera\u00e7\u00f5es de transporte, as organiza\u00e7\u00f5es podem reduzir custos, minimizar impactos negativos no meio ambiente e melhorar sua reputa\u00e7\u00e3o perante clientes e investidores. <\/p>\n\n\n\n<p>Portanto, investir em ESG na gest\u00e3o de frotas n\u00e3o s\u00f3 \u00e9 uma tend\u00eancia do mercado, mas tamb\u00e9m uma necessidade para as empresas que buscam se destacar e se manter competitivas no cen\u00e1rio atual.<\/p>\n","protected":false},"excerpt":{"rendered":"<p>As pr\u00e1ticas ESG transformam a forma de qualquer empresa trabalhar: com atitudes que refletem compromisso social, ambiental e gest\u00e3o de alto n\u00edvel. Acesse e conhe\u00e7a a import\u00e2ncia ESG na gest\u00e3o de frotas.<\/p>\n","protected":false},"author":1,"featured_media":510,"comment_status":"open","ping_status":"open","sticky":false,"template":"","format":"standard","meta":{"footnotes":""},"categories":[5],"tags":[],"class_list":["post-509","post","type-post","status-publish","format-standard","has-post-thumbnail","hentry","category-gestao-de-frotas","article","has-excerpt","has-avatar","has-author","has-date","has-comment-count","has-category-meta","has-read-more","thumbnail-"],"_links":{"self":[{"href":"https:\/\/frotacerta.com.br\/blog\/wp-json\/wp\/v2\/posts\/509","targetHints":{"allow":["GET"]}}],"collection":[{"href":"https:\/\/frotacerta.com.br\/blog\/wp-json\/wp\/v2\/posts"}],"about":[{"href":"https:\/\/frotacerta.com.br\/blog\/wp-json\/wp\/v2\/types\/post"}],"author":[{"embeddable":true,"href":"https:\/\/frotacerta.com.br\/blog\/wp-json\/wp\/v2\/users\/1"}],"replies":[{"embeddable":true,"href":"https:\/\/frotacerta.com.br\/blog\/wp-json\/wp\/v2\/comments?post=509"}],"version-history":[{"count":1,"href":"https:\/\/frotacerta.com.br\/blog\/wp-json\/wp\/v2\/posts\/509\/revisions"}],"predecessor-version":[{"id":511,"href":"https:\/\/frotacerta.com.br\/blog\/wp-json\/wp\/v2\/posts\/509\/revisions\/511"}],"wp:featuredmedia":[{"embeddable":true,"href":"https:\/\/frotacerta.com.br\/blog\/wp-json\/wp\/v2\/media\/510"}],"wp:attachment":[{"href":"https:\/\/frotacerta.com.br\/blog\/wp-json\/wp\/v2\/media?parent=509"}],"wp:term":[{"taxonomy":"category","embeddable":true,"href":"https:\/\/frotacerta.com.br\/blog\/wp-json\/wp\/v2\/categories?post=509"},{"taxonomy":"post_tag","embeddable":true,"href":"https:\/\/frotacerta.com.br\/blog\/wp-json\/wp\/v2\/tags?post=509"}],"curies":[{"name":"wp","href":"https:\/\/api.w.org\/{rel}","templated":true}]}}