{"id":655,"date":"2025-05-12T17:33:42","date_gmt":"2025-05-12T20:33:42","guid":{"rendered":"https:\/\/frotacerta.com.br\/blog\/?p=655"},"modified":"2025-05-12T17:33:47","modified_gmt":"2025-05-12T20:33:47","slug":"maio-amarelo","status":"publish","type":"post","link":"https:\/\/frotacerta.com.br\/blog\/maio-amarelo\/","title":{"rendered":"Maio Amarelo: O que \u00e9, Como Surgiu e por que sua empresa deve participar"},"content":{"rendered":"\n<p>Se voc\u00ea trabalha com transporte, log\u00edstica ou gest\u00e3o de frotas, sabe que seguran\u00e7a no tr\u00e2nsito \u00e9 assunto s\u00e9rio. O <strong>Maio Amarelo<\/strong> \u00e9 uma campanha que levanta essa bandeira todo ano \u2014 e faz total sentido para quem vive na estrada.<\/p>\n\n\n\n<div id=\"ez-toc-container\" class=\"ez-toc-v2_0_53 counter-hierarchy ez-toc-counter ez-toc-grey ez-toc-container-direction\">\n<div class=\"ez-toc-title-container\">\n<p class=\"ez-toc-title \" >Conte&uacute;do<\/p>\n<span class=\"ez-toc-title-toggle\"><a href=\"#\" class=\"ez-toc-pull-right ez-toc-btn ez-toc-btn-xs ez-toc-btn-default ez-toc-toggle\" aria-label=\"Toggle Table of Content\" role=\"button\"><label for=\"item-69f318aa6c976\" ><span class=\"\"><span style=\"display:none;\">Toggle<\/span><span class=\"ez-toc-icon-toggle-span\"><svg style=\"fill: #999;color:#999\" xmlns=\"http:\/\/www.w3.org\/2000\/svg\" class=\"list-377408\" width=\"20px\" height=\"20px\" viewBox=\"0 0 24 24\" fill=\"none\"><path d=\"M6 6H4v2h2V6zm14 0H8v2h12V6zM4 11h2v2H4v-2zm16 0H8v2h12v-2zM4 16h2v2H4v-2zm16 0H8v2h12v-2z\" fill=\"currentColor\"><\/path><\/svg><svg style=\"fill: #999;color:#999\" class=\"arrow-unsorted-368013\" xmlns=\"http:\/\/www.w3.org\/2000\/svg\" width=\"10px\" height=\"10px\" viewBox=\"0 0 24 24\" version=\"1.2\" baseProfile=\"tiny\"><path d=\"M18.2 9.3l-6.2-6.3-6.2 6.3c-.2.2-.3.4-.3.7s.1.5.3.7c.2.2.4.3.7.3h11c.3 0 .5-.1.7-.3.2-.2.3-.5.3-.7s-.1-.5-.3-.7zM5.8 14.7l6.2 6.3 6.2-6.3c.2-.2.3-.5.3-.7s-.1-.5-.3-.7c-.2-.2-.4-.3-.7-.3h-11c-.3 0-.5.1-.7.3-.2.2-.3.5-.3.7s.1.5.3.7z\"\/><\/svg><\/span><\/span><\/label><input aria-label=\"Toggle\" aria-label=\"item-69f318aa6c976\"  type=\"checkbox\" id=\"item-69f318aa6c976\"><\/a><\/span><\/div>\n<nav><ul class='ez-toc-list ez-toc-list-level-1 ' ><li class='ez-toc-page-1 ez-toc-heading-level-2'><a class=\"ez-toc-link ez-toc-heading-1\" href=\"https:\/\/frotacerta.com.br\/blog\/maio-amarelo\/#O_que_e_o_Maio_Amarelo\" title=\"O que \u00e9 o Maio Amarelo?\">O que \u00e9 o Maio Amarelo?<\/a><\/li><li class='ez-toc-page-1 ez-toc-heading-level-2'><a class=\"ez-toc-link ez-toc-heading-2\" href=\"https:\/\/frotacerta.com.br\/blog\/maio-amarelo\/#Por_que_isso_importa_para_quem_gerencia_frotas\" title=\"Por que isso importa para quem gerencia frotas?\">Por que isso importa para quem gerencia frotas?<\/a><\/li><li class='ez-toc-page-1 ez-toc-heading-level-2'><a class=\"ez-toc-link ez-toc-heading-3\" href=\"https:\/\/frotacerta.com.br\/blog\/maio-amarelo\/#Como_surgiu_o_Maio_Amarelo\" title=\"Como surgiu o Maio Amarelo?\">Como surgiu o Maio Amarelo?<\/a><\/li><li class='ez-toc-page-1 ez-toc-heading-level-2'><a class=\"ez-toc-link ez-toc-heading-4\" href=\"https:\/\/frotacerta.com.br\/blog\/maio-amarelo\/#O_que_sua_empresa_pode_fazer\" title=\"O que sua empresa pode fazer?\">O que sua empresa pode fazer?<\/a><\/li><li class='ez-toc-page-1 ez-toc-heading-level-2'><a class=\"ez-toc-link ez-toc-heading-5\" href=\"https:\/\/frotacerta.com.br\/blog\/maio-amarelo\/#Conclusao\" title=\"Conclus\u00e3o\">Conclus\u00e3o<\/a><\/li><\/ul><\/nav><\/div>\n<h2 class=\"wp-block-heading\"><span class=\"ez-toc-section\" id=\"O_que_e_o_Maio_Amarelo\"><\/span>O que \u00e9 o Maio Amarelo?<span class=\"ez-toc-section-end\"><\/span><\/h2>\n\n\n\n<p>O Maio Amarelo \u00e9 um movimento internacional que chama a aten\u00e7\u00e3o para a <strong>redu\u00e7\u00e3o de acidentes de tr\u00e2nsito<\/strong>. Ele foi criado em 2014 no Brasil, mas tem impacto global. A ideia \u00e9 simples e direta: <strong>conscientizar motoristas e empresas sobre atitudes que salvam vidas no tr\u00e2nsito<\/strong>.<\/p>\n\n\n\n<p>O m\u00eas de maio foi escolhido porque, em 2011, a ONU lan\u00e7ou a D\u00e9cada de A\u00e7\u00e3o para a Seguran\u00e7a no Tr\u00e2nsito nesse per\u00edodo. J\u00e1 o amarelo vem das sinaliza\u00e7\u00f5es de advert\u00eancia \u2014 cor de aten\u00e7\u00e3o, alerta. E \u00e9 disso que o tr\u00e2nsito precisa.<\/p>\n\n\n\n<h2 class=\"wp-block-heading\"><span class=\"ez-toc-section\" id=\"Por_que_isso_importa_para_quem_gerencia_frotas\"><\/span>Por que isso importa para quem gerencia frotas?<span class=\"ez-toc-section-end\"><\/span><\/h2>\n\n\n\n<p>Simples: <strong>acidente custa caro<\/strong>. Pode gerar preju\u00edzo financeiro, desgaste com cliente, perda de produtividade, sem contar o impacto humano. Participar do Maio Amarelo mostra que sua empresa est\u00e1 comprometida com a <strong>seguran\u00e7a, preven\u00e7\u00e3o e responsabilidade no tr\u00e2nsito<\/strong>.<\/p>\n\n\n\n<p>Al\u00e9m disso, campanhas como essa ajudam a:<\/p>\n\n\n\n<ul class=\"wp-block-list\">\n<li><strong>Reduzir sinistros<\/strong> e custos operacionais;<\/li>\n\n\n\n<li>Aumentar a <strong>efici\u00eancia e a imagem da empresa<\/strong>;<\/li>\n\n\n\n<li>Engajar motoristas com boas pr\u00e1ticas;<\/li>\n\n\n\n<li>Atender a pol\u00edticas de ESG e seguran\u00e7a do trabalho.<\/li>\n<\/ul>\n\n\n\n<h2 class=\"wp-block-heading\"><span class=\"ez-toc-section\" id=\"Como_surgiu_o_Maio_Amarelo\"><\/span>Como surgiu o Maio Amarelo?<span class=\"ez-toc-section-end\"><\/span><\/h2>\n\n\n\n<p>Foi uma iniciativa do <strong><a href=\"https:\/\/www.onsv.org.br\/\" data-type=\"link\" data-id=\"https:\/\/www.onsv.org.br\/\" target=\"_blank\" rel=\"noopener\">Observat\u00f3rio Nacional de Seguran\u00e7a Vi\u00e1ria (ONSV)<\/a><\/strong>. A partir do alerta da ONU, o Brasil puxou o movimento com a\u00e7\u00f5es voltadas para <strong>educa\u00e7\u00e3o e preven\u00e7\u00e3o de acidentes<\/strong>.<\/p>\n\n\n\n<p>Hoje, empresas, \u00f3rg\u00e3os p\u00fablicos, escolas e profissionais de tr\u00e2nsito do mundo todo usam o m\u00eas de maio para colocar o tema em pauta \u2014 e isso j\u00e1 fez muita diferen\u00e7a.<\/p>\n\n\n\n<h2 class=\"wp-block-heading\"><span class=\"ez-toc-section\" id=\"O_que_sua_empresa_pode_fazer\"><\/span>O que sua empresa pode fazer?<span class=\"ez-toc-section-end\"><\/span><\/h2>\n\n\n\n<p>Voc\u00ea n\u00e3o precisa de grandes campanhas. Algumas a\u00e7\u00f5es simples j\u00e1 fazem diferen\u00e7a:<\/p>\n\n\n\n<ul class=\"wp-block-list\">\n<li>Compartilhar conte\u00fados de conscientiza\u00e7\u00e3o com os motoristas;<\/li>\n\n\n\n<li>Fazer checklists de seguran\u00e7a com a equipe;<\/li>\n\n\n\n<li>Promover bate-papos ou treinamentos r\u00e1pidos sobre dire\u00e7\u00e3o defensiva;<\/li>\n\n\n\n<li>Usar adesivos ou sinaliza\u00e7\u00f5es nos ve\u00edculos da frota;<\/li>\n\n\n\n<li>Integrar ferramentas de <strong>monitoramento e gest\u00e3o de risco<\/strong> nos ve\u00edculos.<\/li>\n\n\n\n<li><\/li>\n<\/ul>\n\n\n\n<h2 class=\"wp-block-heading\"><span class=\"ez-toc-section\" id=\"Conclusao\"><\/span>Conclus\u00e3o<span class=\"ez-toc-section-end\"><\/span><\/h2>\n\n\n\n<p>O Maio Amarelo n\u00e3o \u00e9 s\u00f3 uma campanha simb\u00f3lica \u2014 \u00e9 uma oportunidade real de <strong>refor\u00e7ar a cultura de seguran\u00e7a no transporte<\/strong>. Para quem gerencia frotas, cada atitude preventiva conta: reduz custos, evita acidentes e protege vidas. <\/p>\n\n\n\n<p>Adotar pr\u00e1ticas seguras n\u00e3o deve acontecer s\u00f3 em maio, mas esse m\u00eas serve como lembrete de que <strong>a seguran\u00e7a no tr\u00e2nsito come\u00e7a com a sua equipe, seus motoristas e suas decis\u00f5es<\/strong>. O <strong>Frota Certa apoia essa causa<\/strong> e convida voc\u00ea a fazer parte dessa mudan\u00e7a no tr\u00e2nsito, todos os dias.<\/p>\n","protected":false},"excerpt":{"rendered":"<p>Descubra o que \u00e9 o Maio Amarelo, como surgiu e por que a sua empresa de transporte ou gest\u00e3o de frotas deve apoiar essa campanha de seguran\u00e7a no tr\u00e2nsito.<\/p>\n","protected":false},"author":1,"featured_media":656,"comment_status":"open","ping_status":"open","sticky":false,"template":"","format":"standard","meta":{"footnotes":""},"categories":[5],"tags":[],"class_list":["post-655","post","type-post","status-publish","format-standard","has-post-thumbnail","hentry","category-gestao-de-frotas","article","has-excerpt","has-avatar","has-author","has-date","has-comment-count","has-category-meta","has-read-more","thumbnail-"],"_links":{"self":[{"href":"https:\/\/frotacerta.com.br\/blog\/wp-json\/wp\/v2\/posts\/655","targetHints":{"allow":["GET"]}}],"collection":[{"href":"https:\/\/frotacerta.com.br\/blog\/wp-json\/wp\/v2\/posts"}],"about":[{"href":"https:\/\/frotacerta.com.br\/blog\/wp-json\/wp\/v2\/types\/post"}],"author":[{"embeddable":true,"href":"https:\/\/frotacerta.com.br\/blog\/wp-json\/wp\/v2\/users\/1"}],"replies":[{"embeddable":true,"href":"https:\/\/frotacerta.com.br\/blog\/wp-json\/wp\/v2\/comments?post=655"}],"version-history":[{"count":1,"href":"https:\/\/frotacerta.com.br\/blog\/wp-json\/wp\/v2\/posts\/655\/revisions"}],"predecessor-version":[{"id":657,"href":"https:\/\/frotacerta.com.br\/blog\/wp-json\/wp\/v2\/posts\/655\/revisions\/657"}],"wp:featuredmedia":[{"embeddable":true,"href":"https:\/\/frotacerta.com.br\/blog\/wp-json\/wp\/v2\/media\/656"}],"wp:attachment":[{"href":"https:\/\/frotacerta.com.br\/blog\/wp-json\/wp\/v2\/media?parent=655"}],"wp:term":[{"taxonomy":"category","embeddable":true,"href":"https:\/\/frotacerta.com.br\/blog\/wp-json\/wp\/v2\/categories?post=655"},{"taxonomy":"post_tag","embeddable":true,"href":"https:\/\/frotacerta.com.br\/blog\/wp-json\/wp\/v2\/tags?post=655"}],"curies":[{"name":"wp","href":"https:\/\/api.w.org\/{rel}","templated":true}]}}