{"id":915,"date":"2026-08-25T08:55:25","date_gmt":"2026-08-25T11:55:25","guid":{"rendered":"https:\/\/frotacerta.com.br\/blog\/?p=915"},"modified":"2026-08-25T08:55:29","modified_gmt":"2026-08-25T11:55:29","slug":"rotina-de-gestao-de-frota","status":"publish","type":"post","link":"https:\/\/frotacerta.com.br\/blog\/rotina-de-gestao-de-frota\/","title":{"rendered":"Rotina de Gest\u00e3o de Frota: Como Organizar Sem Perder o Controle"},"content":{"rendered":"\n<p class=\"wp-block-paragraph\">Frota sem rotina definida gasta mais. Manuten\u00e7\u00e3o que devia ser preventiva vira corretiva, multa que podia ser evitada chega no fim do m\u00eas, documento vence sem ningu\u00e9m perceber. Cada um desses furos custa dinheiro real, n\u00e3o \u00e9 hip\u00f3tese.<\/p>\n\n\n\n<p class=\"wp-block-paragraph\">O problema n\u00e3o est\u00e1 na falta de esfor\u00e7o do gestor. Est\u00e1 na aus\u00eancia de um processo fixo que diga o que verificar, quando verificar e quem \u00e9 respons\u00e1vel por cada etapa. Sem isso, tudo vira apagar inc\u00eandio.<\/p>\n\n\n\n<p class=\"wp-block-paragraph\">Neste artigo voc\u00ea vai ver como estruturar uma rotina de gest\u00e3o de frota que funcione no dia a dia, com checklist di\u00e1rio, cad\u00eancia semanal e mensal, e os erros que mais custam caro para transportadoras e empresas com frota pr\u00f3pria. Vale a leitura antes de montar a pr\u00f3xima escala de manuten\u00e7\u00e3o.<\/p>\n\n\n\n<div id=\"ez-toc-container\" class=\"ez-toc-v2_0_85 counter-hierarchy ez-toc-counter ez-toc-grey ez-toc-container-direction\">\n<div class=\"ez-toc-title-container\">\n<p class=\"ez-toc-title\" style=\"cursor:inherit\">Conte\u00fado<\/p>\n<span class=\"ez-toc-title-toggle\"><a href=\"#\" class=\"ez-toc-pull-right ez-toc-btn ez-toc-btn-xs ez-toc-btn-default ez-toc-toggle\" aria-label=\"Alternar tabela de conte\u00fado\"><span class=\"ez-toc-js-icon-con\"><span class=\"\"><span class=\"eztoc-hide\" style=\"display:none;\">Toggle<\/span><span class=\"ez-toc-icon-toggle-span\"><svg style=\"fill: #999;color:#999\" xmlns=\"http:\/\/www.w3.org\/2000\/svg\" class=\"list-377408\" width=\"20px\" height=\"20px\" viewBox=\"0 0 24 24\" fill=\"none\"><path d=\"M6 6H4v2h2V6zm14 0H8v2h12V6zM4 11h2v2H4v-2zm16 0H8v2h12v-2zM4 16h2v2H4v-2zm16 0H8v2h12v-2z\" fill=\"currentColor\"><\/path><\/svg><svg style=\"fill: #999;color:#999\" class=\"arrow-unsorted-368013\" xmlns=\"http:\/\/www.w3.org\/2000\/svg\" width=\"10px\" height=\"10px\" viewBox=\"0 0 24 24\" version=\"1.2\" baseProfile=\"tiny\"><path d=\"M18.2 9.3l-6.2-6.3-6.2 6.3c-.2.2-.3.4-.3.7s.1.5.3.7c.2.2.4.3.7.3h11c.3 0 .5-.1.7-.3.2-.2.3-.5.3-.7s-.1-.5-.3-.7zM5.8 14.7l6.2 6.3 6.2-6.3c.2-.2.3-.5.3-.7s-.1-.5-.3-.7c-.2-.2-.4-.3-.7-.3h-11c-.3 0-.5.1-.7.3-.2.2-.3.5-.3.7s.1.5.3.7z\"\/><\/svg><\/span><\/span><\/span><\/a><\/span><\/div>\n<nav><ul class='ez-toc-list ez-toc-list-level-1 ' ><li class='ez-toc-page-1 ez-toc-heading-level-2'><a class=\"ez-toc-link ez-toc-heading-1\" href=\"https:\/\/frotacerta.com.br\/blog\/rotina-de-gestao-de-frota\/#O_que_e_na_pratica_uma_rotina_de_gestao_de_frota\" >O que \u00e9, na pr\u00e1tica, uma rotina de gest\u00e3o de frota<\/a><\/li><li class='ez-toc-page-1 ez-toc-heading-level-2'><a class=\"ez-toc-link ez-toc-heading-2\" href=\"https:\/\/frotacerta.com.br\/blog\/rotina-de-gestao-de-frota\/#Rotina_diaria_o_que_nao_pode_ficar_de_fora\" >Rotina di\u00e1ria: o que n\u00e3o pode ficar de fora<\/a><ul class='ez-toc-list-level-3' ><li class='ez-toc-heading-level-3'><a class=\"ez-toc-link ez-toc-heading-3\" href=\"https:\/\/frotacerta.com.br\/blog\/rotina-de-gestao-de-frota\/#Quem_faz_o_que\" >Quem faz o qu\u00ea<\/a><\/li><\/ul><\/li><li class='ez-toc-page-1 ez-toc-heading-level-2'><a class=\"ez-toc-link ez-toc-heading-4\" href=\"https:\/\/frotacerta.com.br\/blog\/rotina-de-gestao-de-frota\/#Rotina_semanal_e_mensal_manutencao_combustivel_e_documentos\" >Rotina semanal e mensal: manuten\u00e7\u00e3o, combust\u00edvel e documentos<\/a><\/li><li class='ez-toc-page-1 ez-toc-heading-level-2'><a class=\"ez-toc-link ez-toc-heading-5\" href=\"https:\/\/frotacerta.com.br\/blog\/rotina-de-gestao-de-frota\/#Erros_comuns_na_rotina_de_gestao_de_frota\" >Erros comuns na rotina de gest\u00e3o de frota<\/a><\/li><li class='ez-toc-page-1 ez-toc-heading-level-2'><a class=\"ez-toc-link ez-toc-heading-6\" href=\"https:\/\/frotacerta.com.br\/blog\/rotina-de-gestao-de-frota\/#Indicadores_que_mostram_se_a_rotina_esta_funcionando\" >Indicadores que mostram se a rotina est\u00e1 funcionando<\/a><\/li><li class='ez-toc-page-1 ez-toc-heading-level-2'><a class=\"ez-toc-link ez-toc-heading-7\" href=\"https:\/\/frotacerta.com.br\/blog\/rotina-de-gestao-de-frota\/#Como_estruturar_isso_sem_aumentar_a_carga_do_gestor\" >Como estruturar isso sem aumentar a carga do gestor<\/a><\/li><\/ul><\/nav><\/div>\n<h2 class=\"wp-block-heading\"><span class=\"ez-toc-section\" id=\"O_que_e_na_pratica_uma_rotina_de_gestao_de_frota\"><\/span>O que \u00e9, na pr\u00e1tica, uma rotina de gest\u00e3o de frota<span class=\"ez-toc-section-end\"><\/span><\/h2>\n\n\n\n<p class=\"wp-block-paragraph\">Rotina de gest\u00e3o de frota \u00e9 o conjunto de tarefas que se repetem em intervalos fixos para manter ve\u00edculos, motoristas e documentos sob controle. N\u00e3o \u00e9 uma planilha bonita. \u00c9 uma sequ\u00eancia de checagens que evita que problema pequeno vire preju\u00edzo grande.<\/p>\n\n\n\n<p class=\"wp-block-paragraph\">Empresas que n\u00e3o t\u00eam essa rotina definida costumam operar no reativo. O carro quebra, a\u00ed conserta. O documento vence, a\u00ed corre atr\u00e1s. A multa chega, a\u00ed tenta recorrer. Segundo dados do mercado log\u00edstico, boa parte do or\u00e7amento de manuten\u00e7\u00e3o em empresas de transporte vai para reparo corretivo justamente por falta de acompanhamento preventivo.<\/p>\n\n\n\n<p class=\"wp-block-paragraph\">Uma rotina bem definida inverte essa l\u00f3gica. Em vez de reagir, o gestor antecipa.<\/p>\n\n\n\n<h2 class=\"wp-block-heading\"><span class=\"ez-toc-section\" id=\"Rotina_diaria_o_que_nao_pode_ficar_de_fora\"><\/span>Rotina di\u00e1ria: o que n\u00e3o pode ficar de fora<span class=\"ez-toc-section-end\"><\/span><\/h2>\n\n\n\n<p class=\"wp-block-paragraph\">O dia a dia da frota exige aten\u00e7\u00e3o em poucos pontos, mas de forma constante. N\u00e3o adianta fazer checklist completo uma vez por m\u00eas e esquecer no resto do tempo.<\/p>\n\n\n\n<p class=\"wp-block-paragraph\">Itens que merecem checagem di\u00e1ria:<\/p>\n\n\n\n<ul class=\"wp-block-list\">\n<li>Checklist de sa\u00edda do ve\u00edculo, feito pelo motorista antes de rodar<\/li>\n\n\n\n<li>N\u00edvel de combust\u00edvel e poss\u00edveis desvios de consumo<\/li>\n\n\n\n<li>Ocorr\u00eancias registradas no dia anterior, como avarias e ru\u00eddos<\/li>\n\n\n\n<li>Prazo de documentos que vencem nos pr\u00f3ximos dias<\/li>\n<\/ul>\n\n\n\n<h3 class=\"wp-block-heading\"><span class=\"ez-toc-section\" id=\"Quem_faz_o_que\"><\/span>Quem faz o qu\u00ea<span class=\"ez-toc-section-end\"><\/span><\/h3>\n\n\n\n<p class=\"wp-block-paragraph\">O motorista \u00e9 respons\u00e1vel pelo checklist f\u00edsico do ve\u00edculo. O gestor \u00e9 respons\u00e1vel por consolidar as informa\u00e7\u00f5es e agir sobre o que sai do padr\u00e3o. Sem essa divis\u00e3o clara, o checklist vira papel assinado sem fun\u00e7\u00e3o nenhuma.<\/p>\n\n\n\n<h2 class=\"wp-block-heading\"><span class=\"ez-toc-section\" id=\"Rotina_semanal_e_mensal_manutencao_combustivel_e_documentos\"><\/span>Rotina semanal e mensal: manuten\u00e7\u00e3o, combust\u00edvel e documentos<span class=\"ez-toc-section-end\"><\/span><\/h2>\n\n\n\n<p class=\"wp-block-paragraph\">Enquanto a rotina di\u00e1ria cuida do operacional imediato, a semanal e a mensal cuidam do que impacta o or\u00e7amento.<\/p>\n\n\n\n<p class=\"wp-block-paragraph\">Toda semana, vale revisar:<\/p>\n\n\n\n<ul class=\"wp-block-list\">\n<li>Consumo de combust\u00edvel por ve\u00edculo e por motorista<\/li>\n\n\n\n<li>Ordens de servi\u00e7o abertas e pendentes<\/li>\n\n\n\n<li>Pneus com desgaste fora do padr\u00e3o<\/li>\n<\/ul>\n\n\n\n<p class=\"wp-block-paragraph\">Todo m\u00eas, o foco muda para indicadores maiores. Aqui entra o TCO, o custo total de propriedade, que \u00e9 quanto cada ve\u00edculo realmente custa somando combust\u00edvel, manuten\u00e7\u00e3o, pneus, seguro e deprecia\u00e7\u00e3o. Sem esse n\u00famero mensal, o gestor decide no escuro se compensa manter um ve\u00edculo antigo rodando ou trocar por um novo.<\/p>\n\n\n\n<p class=\"wp-block-paragraph\">Documentos como IPVA, licenciamento, seguro e CNH dos motoristas tamb\u00e9m precisam de revis\u00e3o mensal, com folga suficiente para renovar sem correria de \u00faltima hora.<\/p>\n\n\n\n<h2 class=\"wp-block-heading\"><span class=\"ez-toc-section\" id=\"Erros_comuns_na_rotina_de_gestao_de_frota\"><\/span>Erros comuns na rotina de gest\u00e3o de frota<span class=\"ez-toc-section-end\"><\/span><\/h2>\n\n\n\n<p class=\"wp-block-paragraph\">A maioria das transportadoras n\u00e3o erra por falta de vontade. Erra por depender de processo manual demais.<\/p>\n\n\n\n<p class=\"wp-block-paragraph\">Planilha desatualizada \u00e9 o primeiro erro. Funciona at\u00e9 certo tamanho de frota, depois vira gargalo. Ningu\u00e9m atualiza em tempo real, e decis\u00e3o importante acaba sendo tomada com dado velho.<\/p>\n\n\n\n<p class=\"wp-block-paragraph\">Outro erro recorrente \u00e9 misturar prioridade urgente com prioridade importante. Multa que j\u00e1 venceu vira urg\u00eancia e rouba o tempo que devia ir para preven\u00e7\u00e3o. Isso cria um ciclo dif\u00edcil de quebrar sem mudar o processo.<\/p>\n\n\n\n<p class=\"wp-block-paragraph\">Falta de respons\u00e1vel definido para cada etapa tamb\u00e9m \u00e9 comum. Quando todo mundo \u00e9 respons\u00e1vel por tudo, no fim ningu\u00e9m \u00e9 respons\u00e1vel por nada espec\u00edfico. O checklist n\u00e3o \u00e9 preenchido, o alerta de vencimento passa batido, a manuten\u00e7\u00e3o preventiva atrasa.<\/p>\n\n\n\n<p class=\"wp-block-paragraph\">Tem ainda o erro de tratar rotina como algo fixo, criado uma vez e nunca revisado. Frota muda de tamanho, motorista muda, rota muda. A rotina que fazia sentido com cinco ve\u00edculos n\u00e3o serve mais com vinte. Revisar o processo a cada trimestre evita que ele fique defasado sem ningu\u00e9m perceber.<\/p>\n\n\n\n<h2 class=\"wp-block-heading\"><span class=\"ez-toc-section\" id=\"Indicadores_que_mostram_se_a_rotina_esta_funcionando\"><\/span>Indicadores que mostram se a rotina est\u00e1 funcionando<span class=\"ez-toc-section-end\"><\/span><\/h2>\n\n\n\n<p class=\"wp-block-paragraph\">Rotina sem indicador vira achismo. O gestor sente que melhorou, mas n\u00e3o tem n\u00famero que confirme.<\/p>\n\n\n\n<p class=\"wp-block-paragraph\">Tr\u00eas indicadores simples j\u00e1 d\u00e3o um retrato bom da opera\u00e7\u00e3o:<\/p>\n\n\n\n<ul class=\"wp-block-list\">\n<li>Percentual de manuten\u00e7\u00f5es preventivas versus corretivas no m\u00eas<\/li>\n\n\n\n<li>Tempo m\u00e9dio entre a detec\u00e7\u00e3o de um problema e a solu\u00e7\u00e3o<\/li>\n\n\n\n<li>Custo por quil\u00f4metro rodado, ve\u00edculo por ve\u00edculo<\/li>\n<\/ul>\n\n\n\n<p class=\"wp-block-paragraph\">Se o n\u00famero de corretivas segue alto m\u00eas ap\u00f3s m\u00eas, a rotina preventiva n\u00e3o est\u00e1 pegando. Se o tempo entre detec\u00e7\u00e3o e solu\u00e7\u00e3o \u00e9 longo, o gargalo est\u00e1 na comunica\u00e7\u00e3o entre motorista e gestor, n\u00e3o na manuten\u00e7\u00e3o em si. E se o custo por quil\u00f4metro varia demais de um ve\u00edculo para outro, vale investigar se algum carro espec\u00edfico est\u00e1 puxando o preju\u00edzo para baixo do resultado geral.<\/p>\n\n\n\n<p class=\"wp-block-paragraph\">Esses tr\u00eas n\u00fameros, olhados todo m\u00eas, substituem boa parte da intui\u00e7\u00e3o por dado concreto. E dado concreto \u00e9 o que sustenta decis\u00e3o de compra, venda ou renova\u00e7\u00e3o de frota.<\/p>\n\n\n\n<h2 class=\"wp-block-heading\"><span class=\"ez-toc-section\" id=\"Como_estruturar_isso_sem_aumentar_a_carga_do_gestor\"><\/span>Como estruturar isso sem aumentar a carga do gestor<span class=\"ez-toc-section-end\"><\/span><\/h2>\n\n\n\n<p class=\"wp-block-paragraph\">Rotina de gest\u00e3o de frota bem feita n\u00e3o depende de mais horas de trabalho. Depende de centralizar informa\u00e7\u00e3o num lugar s\u00f3 e automatizar o que \u00e9 repetitivo.<\/p>\n\n\n\n<p class=\"wp-block-paragraph\">Quando cada dado est\u00e1 espalhado, entre WhatsApp, planilha, papel e mem\u00f3ria do motorista, o gestor gasta tempo ca\u00e7ando informa\u00e7\u00e3o em vez de agir sobre ela. Centralizar ve\u00edculos, motoristas, manuten\u00e7\u00e3o, combust\u00edvel, pneus e documentos numa \u00fanica plataforma resolve boa parte do problema pela raiz.<\/p>\n\n\n\n<p class=\"wp-block-paragraph\">\u00c9 aqui que o Frota Certa entra. O sistema organiza checklist, ordens de servi\u00e7o, controle de abastecimento, ciclo de vida dos pneus e alertas de vencimento de IPVA, licenciamento, seguro e CNH em um \u00fanico painel. Em vez de montar a rotina na base da planilha e do lembrete manual, o gestor acompanha tudo em tempo real e recebe aviso antes do problema virar preju\u00edzo.<\/p>\n\n\n\n<p class=\"wp-block-paragraph\">Se sua frota ainda opera no improviso, vale testar como fica a rotina com esse controle centralizado. A diferen\u00e7a aparece j\u00e1 no primeiro m\u00eas, no n\u00famero de multas evitadas e nas paradas que deixam de acontecer.<\/p>\n\n\n\n<p class=\"wp-block-paragraph\"><\/p>\n","protected":false},"excerpt":{"rendered":"<p>Rotina de gest\u00e3o de frota mal estruturada gera custo escondido. Veja como organizar tarefas di\u00e1rias, documentos e manuten\u00e7\u00e3o sem perder o controle.<\/p>\n","protected":false},"author":1,"featured_media":942,"comment_status":"open","ping_status":"open","sticky":false,"template":"","format":"standard","meta":{"footnotes":""},"categories":[5],"tags":[],"class_list":["post-915","post","type-post","status-publish","format-standard","has-post-thumbnail","hentry","category-gestao-de-frotas","article","has-excerpt","has-avatar","has-author","has-date","has-comment-count","has-category-meta","has-read-more","thumbnail-"],"_links":{"self":[{"href":"https:\/\/frotacerta.com.br\/blog\/wp-json\/wp\/v2\/posts\/915","targetHints":{"allow":["GET"]}}],"collection":[{"href":"https:\/\/frotacerta.com.br\/blog\/wp-json\/wp\/v2\/posts"}],"about":[{"href":"https:\/\/frotacerta.com.br\/blog\/wp-json\/wp\/v2\/types\/post"}],"author":[{"embeddable":true,"href":"https:\/\/frotacerta.com.br\/blog\/wp-json\/wp\/v2\/users\/1"}],"replies":[{"embeddable":true,"href":"https:\/\/frotacerta.com.br\/blog\/wp-json\/wp\/v2\/comments?post=915"}],"version-history":[{"count":2,"href":"https:\/\/frotacerta.com.br\/blog\/wp-json\/wp\/v2\/posts\/915\/revisions"}],"predecessor-version":[{"id":943,"href":"https:\/\/frotacerta.com.br\/blog\/wp-json\/wp\/v2\/posts\/915\/revisions\/943"}],"wp:featuredmedia":[{"embeddable":true,"href":"https:\/\/frotacerta.com.br\/blog\/wp-json\/wp\/v2\/media\/942"}],"wp:attachment":[{"href":"https:\/\/frotacerta.com.br\/blog\/wp-json\/wp\/v2\/media?parent=915"}],"wp:term":[{"taxonomy":"category","embeddable":true,"href":"https:\/\/frotacerta.com.br\/blog\/wp-json\/wp\/v2\/categories?post=915"},{"taxonomy":"post_tag","embeddable":true,"href":"https:\/\/frotacerta.com.br\/blog\/wp-json\/wp\/v2\/tags?post=915"}],"curies":[{"name":"wp","href":"https:\/\/api.w.org\/{rel}","templated":true}]}}