{"id":954,"date":"2026-08-31T17:39:35","date_gmt":"2026-08-31T20:39:35","guid":{"rendered":"https:\/\/frotacerta.com.br\/blog\/?p=954"},"modified":"2026-08-31T17:39:41","modified_gmt":"2026-08-31T20:39:41","slug":"frota-sustentavel","status":"publish","type":"post","link":"https:\/\/frotacerta.com.br\/blog\/frota-sustentavel\/","title":{"rendered":"Frota Sustent\u00e1vel: Como Reduzir Custos e Emiss\u00f5es na Pr\u00e1tica"},"content":{"rendered":"\n<p class=\"wp-block-paragraph\">Combust\u00edvel \u00e9 o maior custo vari\u00e1vel de qualquer transportadora. E boa parte desse gasto vem de desperd\u00edcio que ningu\u00e9m est\u00e1 medindo: rotas mal planejadas, pneus calibrados errado, manuten\u00e7\u00e3o que s\u00f3 acontece quando o ve\u00edculo j\u00e1 quebrou. Isso n\u00e3o \u00e9 s\u00f3 um problema ambiental. \u00c9 dinheiro saindo pelo escapamento, literalmente.<\/p>\n\n\n\n<p class=\"wp-block-paragraph\">Neste artigo voc\u00ea vai entender o que realmente torna uma frota sustent\u00e1vel, quais pr\u00e1ticas geram economia mensur\u00e1vel e como transformar isso em rotina, sem depender de trocar toda a frota por ve\u00edculos el\u00e9tricos. Vale a leitura.<\/p>\n\n\n\n<div id=\"ez-toc-container\" class=\"ez-toc-v2_0_85 counter-hierarchy ez-toc-counter ez-toc-grey ez-toc-container-direction\">\n<div class=\"ez-toc-title-container\">\n<p class=\"ez-toc-title\" style=\"cursor:inherit\">Conte\u00fado<\/p>\n<span class=\"ez-toc-title-toggle\"><a href=\"#\" class=\"ez-toc-pull-right ez-toc-btn ez-toc-btn-xs ez-toc-btn-default ez-toc-toggle\" aria-label=\"Alternar tabela de conte\u00fado\"><span class=\"ez-toc-js-icon-con\"><span class=\"\"><span class=\"eztoc-hide\" style=\"display:none;\">Toggle<\/span><span class=\"ez-toc-icon-toggle-span\"><svg style=\"fill: #999;color:#999\" xmlns=\"http:\/\/www.w3.org\/2000\/svg\" class=\"list-377408\" width=\"20px\" height=\"20px\" viewBox=\"0 0 24 24\" fill=\"none\"><path d=\"M6 6H4v2h2V6zm14 0H8v2h12V6zM4 11h2v2H4v-2zm16 0H8v2h12v-2zM4 16h2v2H4v-2zm16 0H8v2h12v-2z\" fill=\"currentColor\"><\/path><\/svg><svg style=\"fill: #999;color:#999\" class=\"arrow-unsorted-368013\" xmlns=\"http:\/\/www.w3.org\/2000\/svg\" width=\"10px\" height=\"10px\" viewBox=\"0 0 24 24\" version=\"1.2\" baseProfile=\"tiny\"><path d=\"M18.2 9.3l-6.2-6.3-6.2 6.3c-.2.2-.3.4-.3.7s.1.5.3.7c.2.2.4.3.7.3h11c.3 0 .5-.1.7-.3.2-.2.3-.5.3-.7s-.1-.5-.3-.7zM5.8 14.7l6.2 6.3 6.2-6.3c.2-.2.3-.5.3-.7s-.1-.5-.3-.7c-.2-.2-.4-.3-.7-.3h-11c-.3 0-.5.1-.7.3-.2.2-.3.5-.3.7s.1.5.3.7z\"\/><\/svg><\/span><\/span><\/span><\/a><\/span><\/div>\n<nav><ul class='ez-toc-list ez-toc-list-level-1 ' ><li class='ez-toc-page-1 ez-toc-heading-level-2'><a class=\"ez-toc-link ez-toc-heading-1\" href=\"https:\/\/frotacerta.com.br\/blog\/frota-sustentavel\/#O_que_e_uma_frota_sustentavel_na_pratica\" >O que \u00e9 uma frota sustent\u00e1vel, na pr\u00e1tica<\/a><\/li><li class='ez-toc-page-1 ez-toc-heading-level-2'><a class=\"ez-toc-link ez-toc-heading-2\" href=\"https:\/\/frotacerta.com.br\/blog\/frota-sustentavel\/#Manutencao_preventiva_como_base_da_sustentabilidade\" >Manuten\u00e7\u00e3o preventiva como base da sustentabilidade<\/a><ul class='ez-toc-list-level-3' ><li class='ez-toc-heading-level-3'><a class=\"ez-toc-link ez-toc-heading-3\" href=\"https:\/\/frotacerta.com.br\/blog\/frota-sustentavel\/#Como_estruturar_a_manutencao_preventiva\" >Como estruturar a manuten\u00e7\u00e3o preventiva<\/a><\/li><\/ul><\/li><li class='ez-toc-page-1 ez-toc-heading-level-2'><a class=\"ez-toc-link ez-toc-heading-4\" href=\"https:\/\/frotacerta.com.br\/blog\/frota-sustentavel\/#Combustivel_o_maior_vilao_e_a_maior_oportunidade\" >Combust\u00edvel: o maior vil\u00e3o e a maior oportunidade<\/a><\/li><li class='ez-toc-page-1 ez-toc-heading-level-2'><a class=\"ez-toc-link ez-toc-heading-5\" href=\"https:\/\/frotacerta.com.br\/blog\/frota-sustentavel\/#Pneus_o_ciclo_de_vida_que_ninguem_acompanha_de_perto\" >Pneus: o ciclo de vida que ningu\u00e9m acompanha de perto<\/a><\/li><li class='ez-toc-page-1 ez-toc-heading-level-2'><a class=\"ez-toc-link ez-toc-heading-6\" href=\"https:\/\/frotacerta.com.br\/blog\/frota-sustentavel\/#Documentacao_em_dia_tambem_e_sustentabilidade\" >Documenta\u00e7\u00e3o em dia tamb\u00e9m \u00e9 sustentabilidade<\/a><\/li><li class='ez-toc-page-1 ez-toc-heading-level-2'><a class=\"ez-toc-link ez-toc-heading-7\" href=\"https:\/\/frotacerta.com.br\/blog\/frota-sustentavel\/#Como_transformar_isso_em_rotina_nao_em_projeto_isolado\" >Como transformar isso em rotina, n\u00e3o em projeto isolado<\/a><\/li><\/ul><\/nav><\/div>\n<h2 class=\"wp-block-heading\"><span class=\"ez-toc-section\" id=\"O_que_e_uma_frota_sustentavel_na_pratica\"><\/span>O que \u00e9 uma frota sustent\u00e1vel, na pr\u00e1tica<span class=\"ez-toc-section-end\"><\/span><\/h2>\n\n\n\n<p class=\"wp-block-paragraph\">Frota sustent\u00e1vel n\u00e3o \u00e9 sin\u00f4nimo de frota el\u00e9trica. Essa \u00e9 a confus\u00e3o mais comum entre gestores que ouvem o termo e j\u00e1 pensam em trocar toda a opera\u00e7\u00e3o por ve\u00edculos movidos a bateria, o que muitas vezes nem \u00e9 vi\u00e1vel para transporte de carga pesada no Brasil.<\/p>\n\n\n\n<p class=\"wp-block-paragraph\">Sustentabilidade em frota \u00e9 sobre efici\u00eancia. \u00c9 reduzir o consumo de combust\u00edvel por quil\u00f4metro rodado, prolongar a vida \u00fatil de pe\u00e7as e pneus, diminuir emiss\u00f5es atrav\u00e9s de manuten\u00e7\u00e3o correta e evitar deslocamentos desnecess\u00e1rios. Tudo isso tem um efeito colateral bom: reduz o custo por quil\u00f4metro (CPK), um dos indicadores mais importantes para qualquer transportadora.<\/p>\n\n\n\n<p class=\"wp-block-paragraph\">Dados do mercado log\u00edstico indicam que empresas que adotam pr\u00e1ticas estruturadas de efici\u00eancia veicular conseguem cortar entre 10% e 20% do gasto com combust\u00edvel. Isso n\u00e3o vem de tecnologia cara. Vem de controle.<\/p>\n\n\n\n<h2 class=\"wp-block-heading\"><span class=\"ez-toc-section\" id=\"Manutencao_preventiva_como_base_da_sustentabilidade\"><\/span>Manuten\u00e7\u00e3o preventiva como base da sustentabilidade<span class=\"ez-toc-section-end\"><\/span><\/h2>\n\n\n\n<p class=\"wp-block-paragraph\">Um motor mal regulado consome mais combust\u00edvel e emite mais poluentes. Um pneu com calibragem errada aumenta o atrito e o desgaste, for\u00e7ando o ve\u00edculo a trabalhar mais para rodar a mesma dist\u00e2ncia. Freios desalinhados, filtros sujos, \u00f3leo vencido: cada um desses itens, isolado, parece pequeno. Somados em uma frota de 20 ou 50 ve\u00edculos, viram um rombo no or\u00e7amento.<\/p>\n\n\n\n<p class=\"wp-block-paragraph\">A manuten\u00e7\u00e3o corretiva, aquela que s\u00f3 acontece depois que o ve\u00edculo quebra, \u00e9 o oposto de sustent\u00e1vel. Ela gera parada n\u00e3o programada, conserto emergencial mais caro e, na maioria das vezes, um consumo de combust\u00edvel mais alto durante todo o per\u00edodo em que o problema n\u00e3o foi identificado.<\/p>\n\n\n\n<h3 class=\"wp-block-heading\"><span class=\"ez-toc-section\" id=\"Como_estruturar_a_manutencao_preventiva\"><\/span>Como estruturar a manuten\u00e7\u00e3o preventiva<span class=\"ez-toc-section-end\"><\/span><\/h3>\n\n\n\n<ul class=\"wp-block-list\">\n<li>Defina intervalos de revis\u00e3o por quilometragem, n\u00e3o por &#8220;quando der&#8221;<\/li>\n\n\n\n<li>Use checklist padronizado antes e depois de cada viagem<\/li>\n\n\n\n<li>Registre ordens de servi\u00e7o com hist\u00f3rico completo por ve\u00edculo<\/li>\n\n\n\n<li>Monitore o consumo de combust\u00edvel ve\u00edculo a ve\u00edculo, n\u00e3o pela m\u00e9dia da frota<\/li>\n\n\n\n<li>Priorize a troca de pe\u00e7as por desgaste identificado, n\u00e3o por quebra<\/li>\n<\/ul>\n\n\n\n<p class=\"wp-block-paragraph\">Cada um desses pontos parece \u00f3bvio isolado. O problema \u00e9 que, na pr\u00e1tica, a maioria das transportadoras ainda faz esse controle em planilha, ou n\u00e3o faz controle nenhum, dependendo da mem\u00f3ria do motorista ou do mec\u00e2nico.<\/p>\n\n\n\n<h2 class=\"wp-block-heading\"><span class=\"ez-toc-section\" id=\"Combustivel_o_maior_vilao_e_a_maior_oportunidade\"><\/span>Combust\u00edvel: o maior vil\u00e3o e a maior oportunidade<span class=\"ez-toc-section-end\"><\/span><\/h2>\n\n\n\n<p class=\"wp-block-paragraph\">N\u00e3o existe frota sustent\u00e1vel sem controle de combust\u00edvel. \u00c9 o item de maior peso no custo operacional e o que mais reage a mudan\u00e7as de comportamento e de manuten\u00e7\u00e3o.<\/p>\n\n\n\n<p class=\"wp-block-paragraph\">Tr\u00eas fatores concentram a maior parte do desperd\u00edcio:<\/p>\n\n\n\n<ol class=\"wp-block-list\">\n<li>Condu\u00e7\u00e3o inadequada, com acelera\u00e7\u00f5es e frenagens bruscas<\/li>\n\n\n\n<li>Rotas mal planejadas, com deslocamentos maiores que o necess\u00e1rio<\/li>\n\n\n\n<li>Ve\u00edculos rodando com pneus, filtros ou motor fora do ponto ideal<\/li>\n<\/ol>\n\n\n\n<p class=\"wp-block-paragraph\">O terceiro ponto \u00e9 o mais f\u00e1cil de resolver e o mais ignorado. Diferente de treinar motoristas ou reestruturar rotas, que exigem tempo e mudan\u00e7a cultural, ajustar a manuten\u00e7\u00e3o para manter o ve\u00edculo em condi\u00e7\u00e3o ideal \u00e9 uma quest\u00e3o de processo. \u00c9 colocar no calend\u00e1rio e cobrar que aconte\u00e7a.<\/p>\n\n\n\n<p class=\"wp-block-paragraph\">Comparar o consumo m\u00e9dio por ve\u00edculo, por rota e por motorista tamb\u00e9m revela padr\u00f5es que ficam invis\u00edveis quando voc\u00ea olha s\u00f3 o total gasto no m\u00eas. Um caminh\u00e3o que consome 15% a mais que os outros da mesma linha est\u00e1 sinalizando um problema, seja mec\u00e2nico, seja de condu\u00e7\u00e3o.<\/p>\n\n\n\n<h2 class=\"wp-block-heading\"><span class=\"ez-toc-section\" id=\"Pneus_o_ciclo_de_vida_que_ninguem_acompanha_de_perto\"><\/span>Pneus: o ciclo de vida que ningu\u00e9m acompanha de perto<span class=\"ez-toc-section-end\"><\/span><\/h2>\n\n\n\n<p class=\"wp-block-paragraph\">O pneu \u00e9 um dos itens que mais impacta tanto o custo quanto a sustentabilidade da frota, e \u00e9 um dos que menos recebe aten\u00e7\u00e3o estruturada. Calibragem errada, desgaste irregular por falta de rod\u00edzio, uso al\u00e9m do limite seguro: tudo isso aumenta o consumo de combust\u00edvel e reduz a vida \u00fatil do pneu, gerando troca antecipada.<\/p>\n\n\n\n<p class=\"wp-block-paragraph\">Acompanhar o ciclo de vida do pneu, desde a instala\u00e7\u00e3o at\u00e9 o descarte ou recapagem, permite decis\u00f5es melhores. A recapagem, por exemplo, \u00e9 uma alternativa mais econ\u00f4mica e mais sustent\u00e1vel que a compra de pneu novo em muitos casos, mas s\u00f3 funciona bem quando o pneu foi bem cuidado durante o uso.<\/p>\n\n\n\n<p class=\"wp-block-paragraph\">Sem esse controle, o gestor s\u00f3 percebe o problema quando o pneu j\u00e1 estourou na estrada, ou quando a conta de substitui\u00e7\u00e3o chega mais alta do que deveria.<\/p>\n\n\n\n<h2 class=\"wp-block-heading\"><span class=\"ez-toc-section\" id=\"Documentacao_em_dia_tambem_e_sustentabilidade\"><\/span>Documenta\u00e7\u00e3o em dia tamb\u00e9m \u00e9 sustentabilidade<span class=\"ez-toc-section-end\"><\/span><\/h2>\n\n\n\n<p class=\"wp-block-paragraph\">Parece distante do tema ambiental, mas n\u00e3o \u00e9. Ve\u00edculo com licenciamento vencido, IPVA atrasado ou CNH do motorista fora do prazo \u00e9 um ve\u00edculo que pode ser apreendido, rodando fora da lei, gerando multa e, em muitos casos, ficando parado at\u00e9 regularizar. Um ve\u00edculo parado por pend\u00eancia documental \u00e9 inefici\u00eancia pura: capital imobilizado, entrega atrasada, cliente insatisfeito.<\/p>\n\n\n\n<p class=\"wp-block-paragraph\">Frota sustent\u00e1vel \u00e9 frota previs\u00edvel. E previsibilidade documental evita que a opera\u00e7\u00e3o pare por um motivo totalmente evit\u00e1vel.<\/p>\n\n\n\n<h2 class=\"wp-block-heading\"><span class=\"ez-toc-section\" id=\"Como_transformar_isso_em_rotina_nao_em_projeto_isolado\"><\/span>Como transformar isso em rotina, n\u00e3o em projeto isolado<span class=\"ez-toc-section-end\"><\/span><\/h2>\n\n\n\n<p class=\"wp-block-paragraph\">O erro mais comum \u00e9 tratar sustentabilidade como uma campanha pontual: um m\u00eas de foco em economia de combust\u00edvel, depois tudo volta ao normal. Isso n\u00e3o gera resultado consistente.<\/p>\n\n\n\n<p class=\"wp-block-paragraph\">O que funciona \u00e9 ter os dados centralizados e vis\u00edveis o tempo todo: consumo por ve\u00edculo, hist\u00f3rico de manuten\u00e7\u00e3o, ciclo de vida de pneus, vencimentos de documentos. Quando o gestor enxerga tudo isso em um \u00fanico painel, em vez de espalhado em planilhas diferentes ou na cabe\u00e7a do encarregado de p\u00e1tio, as decis\u00f5es deixam de ser reativas.<\/p>\n\n\n\n<p class=\"wp-block-paragraph\">O Frota Certa centraliza justamente esses pontos: controle de abastecimento e consumo, gest\u00e3o de manuten\u00e7\u00e3o preventiva com ordens de servi\u00e7o, ciclo de vida completo de pneus e alertas autom\u00e1ticos de vencimento de IPVA, licenciamento e CNH. Isso transforma sustentabilidade de inten\u00e7\u00e3o em rotina mensur\u00e1vel, com impacto direto no custo por quil\u00f4metro e na previsibilidade da opera\u00e7\u00e3o. N\u00e3o \u00e9 sobre substituir a frota. \u00c9 sobre parar de desperdi\u00e7ar a que voc\u00ea j\u00e1 tem.<\/p>\n","protected":false},"excerpt":{"rendered":"<p>Frota sustent\u00e1vel n\u00e3o \u00e9 modismo: \u00e9 economia real. Veja como reduzir combust\u00edvel, manuten\u00e7\u00e3o e emiss\u00f5es com gest\u00e3o inteligente.<\/p>\n","protected":false},"author":1,"featured_media":956,"comment_status":"open","ping_status":"open","sticky":false,"template":"","format":"standard","meta":{"footnotes":""},"categories":[5],"tags":[],"class_list":["post-954","post","type-post","status-publish","format-standard","has-post-thumbnail","hentry","category-gestao-de-frotas","article","has-excerpt","has-avatar","has-author","has-date","has-comment-count","has-category-meta","has-read-more","thumbnail-"],"_links":{"self":[{"href":"https:\/\/frotacerta.com.br\/blog\/wp-json\/wp\/v2\/posts\/954","targetHints":{"allow":["GET"]}}],"collection":[{"href":"https:\/\/frotacerta.com.br\/blog\/wp-json\/wp\/v2\/posts"}],"about":[{"href":"https:\/\/frotacerta.com.br\/blog\/wp-json\/wp\/v2\/types\/post"}],"author":[{"embeddable":true,"href":"https:\/\/frotacerta.com.br\/blog\/wp-json\/wp\/v2\/users\/1"}],"replies":[{"embeddable":true,"href":"https:\/\/frotacerta.com.br\/blog\/wp-json\/wp\/v2\/comments?post=954"}],"version-history":[{"count":1,"href":"https:\/\/frotacerta.com.br\/blog\/wp-json\/wp\/v2\/posts\/954\/revisions"}],"predecessor-version":[{"id":957,"href":"https:\/\/frotacerta.com.br\/blog\/wp-json\/wp\/v2\/posts\/954\/revisions\/957"}],"wp:featuredmedia":[{"embeddable":true,"href":"https:\/\/frotacerta.com.br\/blog\/wp-json\/wp\/v2\/media\/956"}],"wp:attachment":[{"href":"https:\/\/frotacerta.com.br\/blog\/wp-json\/wp\/v2\/media?parent=954"}],"wp:term":[{"taxonomy":"category","embeddable":true,"href":"https:\/\/frotacerta.com.br\/blog\/wp-json\/wp\/v2\/categories?post=954"},{"taxonomy":"post_tag","embeddable":true,"href":"https:\/\/frotacerta.com.br\/blog\/wp-json\/wp\/v2\/tags?post=954"}],"curies":[{"name":"wp","href":"https:\/\/api.w.org\/{rel}","templated":true}]}}